{"id":89021,"date":"2024-10-04T22:39:57","date_gmt":"2024-10-04T20:39:57","guid":{"rendered":"https:\/\/www.aquitheaterberlin.de\/?p=89021"},"modified":"2024-10-04T22:47:22","modified_gmt":"2024-10-04T20:47:22","slug":"bewegte-identitaten-ya-ha-comenzado","status":"publish","type":"post","link":"https:\/\/www.aquitheaterberlin.de\/de\/bewegte-identitaten-ya-ha-comenzado\/","title":{"rendered":"Bewegte Identit\u00e4ten hat schon angefangen!"},"content":{"rendered":"<p><strong>\u201eBewegte Identit\u00e4ten\u201c ist ein k\u00fcnstlerisch-p\u00e4dagogisches Tanz- und Theaterprojekt f\u00fcr M\u00e4dchen*, das sich auf die Erkundung ihrer Identit\u00e4t, ihrer Beziehung zur Stadt und ihrer Gemeinschaft konzentriert. Die Teilnehmenden werden ermutigt, etablierte Geschlechternormen zu hinterfragen und ihr Recht einzufordern, den \u00f6ffentlichen Raum aktiv und selbstbestimmt zu bewohnen und zu erkunden. Wir wollen einen Raum schaffen, der es ihnen erm\u00f6glicht, ihre Entscheidungsfreiheit zu st\u00e4rken und ihre Autonomie auszu\u00fcben. Die St\u00e4rkung der Schwesternschaft und des Gemeinschaftsgef\u00fchls wird durch die gemeinsame Arbeit gef\u00f6rdert.<\/strong><\/p>\n\n\n\n<p>Unsere erste Sitzung fand am 3. September statt und wir haben gerade unsere erste Phase abgeschlossen. In diesen Wochen haben wir uns gegenseitig kennengelernt und daran gearbeitet, einen Raum des Vertrauens und der Zusammenarbeit zu schaffen, in dem sich die Teilnehmenden k\u00fcnstlerisch ausgedr\u00fcckt, getanzt, ihre eigenen Choreografien geschaffen, etwas \u00fcber Maskentheater gelernt und auch Notizen \u00fcber unsere kreativen Prozesse in unserem kollektiven Logbuch hinterlassen haben!<\/p>\n\n\n\n<p>Bald werden wir mit der zweiten Phase beginnen, die intensive Workshops und die Erarbeitung eines gemeinsamen Werks umfasst. Hier werden wir die Techniken, die wir gelernt haben, vertiefen und all diese Prozesse zu einer Abschlussvorstellung zusammenf\u00fchren, die wir gemeinsam erarbeiten werden.<\/p>\n\n\n\n<p>Wir sind gespannt auf das, was noch kommen wird, und danken allen Teilnehmenden f\u00fcr ihr Engagement und ihre Kreativit\u00e4t - sie sind f\u00fcr uns eine echte Inspiration!<\/p>\n\n\n\n<p>Wenn ihr mitmachen und uns bei den n\u00e4chsten Phasen begleiten wollt, schreibt bitte an info@aquitheaterberlin.com. In Bewegte Identit\u00e4ten werden wir gemeinsam unsere Identit\u00e4t durch Tanz, Theater, Erkundung des urbanen Raums und Maskenbau erforschen.<\/p>\n\n\n\n<div class=\"wp-block-group is-layout-constrained wp-block-group-is-layout-constrained\">\n<figure class=\"wp-block-gallery has-nested-images columns-default is-cropped wp-block-gallery-1 is-layout-flex wp-block-gallery-is-layout-flex\">\n<figure class=\"wp-block-image size-large\"><img loading=\"lazy\" decoding=\"async\" width=\"1024\" height=\"1024\" data-id=\"89042\" src=\"https:\/\/www.aquitheaterberlin.de\/wp-content\/uploads\/2024\/10\/00_BewegteIdentitaeten-InstagramPost-5-1024x1024.jpg\" alt=\"\" class=\"wp-image-89042\" srcset=\"https:\/\/www.aquitheaterberlin.de\/wp-content\/uploads\/2024\/10\/00_BewegteIdentitaeten-InstagramPost-5-980x980.jpg 980w, https:\/\/www.aquitheaterberlin.de\/wp-content\/uploads\/2024\/10\/00_BewegteIdentitaeten-InstagramPost-5-480x480.jpg 480w\" sizes=\"auto, (min-width: 0px) and (max-width: 480px) 480px, (min-width: 481px) and (max-width: 980px) 980px, (min-width: 981px) 1024px, 100vw\" \/><\/figure>\n\n\n\n<figure class=\"wp-block-image size-large\"><img loading=\"lazy\" decoding=\"async\" width=\"1024\" height=\"1024\" data-id=\"89043\" src=\"https:\/\/www.aquitheaterberlin.de\/wp-content\/uploads\/2024\/10\/00_BewegteIdentitaeten-InstagramPost2-4-1024x1024.jpg\" alt=\"\" class=\"wp-image-89043\" srcset=\"https:\/\/www.aquitheaterberlin.de\/wp-content\/uploads\/2024\/10\/00_BewegteIdentitaeten-InstagramPost2-4-980x980.jpg 980w, https:\/\/www.aquitheaterberlin.de\/wp-content\/uploads\/2024\/10\/00_BewegteIdentitaeten-InstagramPost2-4-480x480.jpg 480w\" sizes=\"auto, (min-width: 0px) and (max-width: 480px) 480px, (min-width: 481px) and (max-width: 980px) 980px, (min-width: 981px) 1024px, 100vw\" \/><\/figure>\n\n\n\n<figure class=\"wp-block-image size-large\"><img loading=\"lazy\" decoding=\"async\" width=\"1024\" height=\"1024\" data-id=\"89044\" src=\"https:\/\/www.aquitheaterberlin.de\/wp-content\/uploads\/2024\/10\/00_BewegteIdentitaeten-InstagramPost3-4-1024x1024.jpg\" alt=\"\" class=\"wp-image-89044\" srcset=\"https:\/\/www.aquitheaterberlin.de\/wp-content\/uploads\/2024\/10\/00_BewegteIdentitaeten-InstagramPost3-4-980x980.jpg 980w, https:\/\/www.aquitheaterberlin.de\/wp-content\/uploads\/2024\/10\/00_BewegteIdentitaeten-InstagramPost3-4-480x480.jpg 480w\" sizes=\"auto, (min-width: 0px) and (max-width: 480px) 480px, (min-width: 481px) and (max-width: 980px) 980px, (min-width: 981px) 1024px, 100vw\" \/><\/figure>\n\n\n\n<figure class=\"wp-block-image size-large\"><img loading=\"lazy\" decoding=\"async\" width=\"1024\" height=\"1024\" data-id=\"89045\" src=\"https:\/\/www.aquitheaterberlin.de\/wp-content\/uploads\/2024\/10\/00_BewegteIdentitaeten-InstagramPost4-4-1024x1024.jpg\" alt=\"\" class=\"wp-image-89045\" srcset=\"https:\/\/www.aquitheaterberlin.de\/wp-content\/uploads\/2024\/10\/00_BewegteIdentitaeten-InstagramPost4-4-980x980.jpg 980w, https:\/\/www.aquitheaterberlin.de\/wp-content\/uploads\/2024\/10\/00_BewegteIdentitaeten-InstagramPost4-4-480x480.jpg 480w\" sizes=\"auto, (min-width: 0px) and (max-width: 480px) 480px, (min-width: 481px) and (max-width: 980px) 980px, (min-width: 981px) 1024px, 100vw\" \/><\/figure>\n<\/figure>\n<\/div>\n\n\n\n<p><\/p>\n\n\n\n<p><\/p>\n\n\n\n<p><strong>Dieses Projekt wird vom AQUItheater gUG in Kooperation\nmit Clubhaus Phase II und Boxgirls e.V im Rahmen\ndes Projektes Ich bin Wichtig produziert und vom\nBundesministerium f\u00fcr Bildung und Forschung im Rahmen\ndes Programms \u201ctanz+ theater machen stark\u201d gef\u00f6rdert.<\/strong><\/p>","protected":false},"excerpt":{"rendered":"<p>\u201cBewegte Identit\u00e4ten\u201d es un proyecto art\u00edstico-educativo de danza y teatro para chicas*, que se centra en la exploraci\u00f3n de su identidad, su relaci\u00f3n con la ciudad y su comunidad. Las participantes son alentadas a cuestionar las normas de g\u00e9nero establecidas y a exigir su derecho a habitar y explorar el espacio p\u00fablico de manera activa [&hellip;]<\/p>\n","protected":false},"author":1,"featured_media":89024,"comment_status":"closed","ping_status":"closed","sticky":false,"template":"","format":"standard","meta":{"_et_pb_use_builder":"off","_et_pb_old_content":"","_et_gb_content_width":"","footnotes":""},"categories":[504],"tags":[],"class_list":["post-89021","post","type-post","status-publish","format-standard","has-post-thumbnail","hentry","category-noticias"],"_links":{"self":[{"href":"https:\/\/www.aquitheaterberlin.de\/de\/wp-json\/wp\/v2\/posts\/89021","targetHints":{"allow":["GET"]}}],"collection":[{"href":"https:\/\/www.aquitheaterberlin.de\/de\/wp-json\/wp\/v2\/posts"}],"about":[{"href":"https:\/\/www.aquitheaterberlin.de\/de\/wp-json\/wp\/v2\/types\/post"}],"author":[{"embeddable":true,"href":"https:\/\/www.aquitheaterberlin.de\/de\/wp-json\/wp\/v2\/users\/1"}],"replies":[{"embeddable":true,"href":"https:\/\/www.aquitheaterberlin.de\/de\/wp-json\/wp\/v2\/comments?post=89021"}],"version-history":[{"count":2,"href":"https:\/\/www.aquitheaterberlin.de\/de\/wp-json\/wp\/v2\/posts\/89021\/revisions"}],"predecessor-version":[{"id":89046,"href":"https:\/\/www.aquitheaterberlin.de\/de\/wp-json\/wp\/v2\/posts\/89021\/revisions\/89046"}],"wp:featuredmedia":[{"embeddable":true,"href":"https:\/\/www.aquitheaterberlin.de\/de\/wp-json\/wp\/v2\/media\/89024"}],"wp:attachment":[{"href":"https:\/\/www.aquitheaterberlin.de\/de\/wp-json\/wp\/v2\/media?parent=89021"}],"wp:term":[{"taxonomy":"category","embeddable":true,"href":"https:\/\/www.aquitheaterberlin.de\/de\/wp-json\/wp\/v2\/categories?post=89021"},{"taxonomy":"post_tag","embeddable":true,"href":"https:\/\/www.aquitheaterberlin.de\/de\/wp-json\/wp\/v2\/tags?post=89021"}],"curies":[{"name":"wp","href":"https:\/\/api.w.org\/{rel}","templated":true}]}}