{"id":89052,"date":"2024-11-12T10:04:29","date_gmt":"2024-11-12T09:04:29","guid":{"rendered":"https:\/\/www.aquitheaterberlin.de\/?p=89052"},"modified":"2024-11-12T10:06:27","modified_gmt":"2024-11-12T09:06:27","slug":"quieres-participar-de-nuestra-guerrilla","status":"publish","type":"post","link":"https:\/\/www.aquitheaterberlin.de\/de\/quieres-participar-de-nuestra-guerrilla\/","title":{"rendered":"\u00bfQuieres participar de nuestra Guerrilla?\u00a0"},"content":{"rendered":"<p>En el marco del 25N-&nbsp;&nbsp;&nbsp;d\u00eda Internacional de la Eliminaci\u00f3n de la Violencia contra la mujer* &#8211; \u00a125N, la compa\u00f1\u00eda Ra\u00edces las invita a participar de una intervenci\u00f3n colectiva y performance.&nbsp;<br>La compa\u00f1\u00eda est\u00e1 compuesta por una guerrilla que sale a la calle a denunciar las injusticias. \u00c9sta se viste de rosa haciendo referencia al uniforme de las&nbsp;mujeres activistas indias Gulabi Gand, que denuncian la violencia dom\u00e9stica generalizada y otros actos de violencia contras las mujeres.<\/p>\n\n\n\n<p>La intervenci\u00f3n&nbsp;<strong>consistir\u00e1<\/strong>&nbsp;en aprenderse las coreograf\u00edas y manifiestos de esta Guerrilla y hacer una performance colectiva en la marcha del 25N. Adem\u00e1s, presentaremos esta performance de nuevo el martes 3 de diciembre en el Kreativhaus Mitte.<br>Ser\u00e1 una oportunidad para crear comunidad y reunirnos con otras mujeres*, una instancia de introspecci\u00f3n donde repensar como habitamos la violencia, y un espacio de empoderamiento ya que moveremos la cuerpa&nbsp; y pondremos en pr\u00e1ctica algunos ejercicios b\u00e1sicos para la presentaci\u00f3n esc\u00e9nica.<\/p>\n\n\n\n<p>Wichtig zu wissen:&nbsp;<\/p>\n\n\n\n<p>\ud83d\udd06Puedes sumarte aunque no tengas experiencia esc\u00e9nica<br>\ud83c\udf31\ufe0eInvitaci\u00f3n solo para FLINTAS*<br>\ud83d\udc68\u200d\ud83d\udc69\u200d\ud83d\udc66\ufe0eLa intervenci\u00f3n se har\u00e1 en espa\u00f1ol y en alem\u00e1n (no necesitas saber ambos idiomas, con uno de ellos vale)<br>\ud83c\udf1f\ufe0eTendremos dos ensayos en noviembre: el lunes 18 de 18 a 21 y s\u00e1bado 23 de 11 a 14<br>\u265f\ufe0ePrecio de participaci\u00f3n simb\u00f3lica: 15 euros\ud83d\udc33Para m\u00e1s informaci\u00f3n e inscripciones:&nbsp;<a href=\"mailto:raices@aquitheaterberlin.de\" target=\"_blank\" rel=\"noreferrer noopener\">raices@aquitheaterberlin.de<\/a><\/p>","protected":false},"excerpt":{"rendered":"<p>En el marco del 25N-&nbsp;&nbsp;&nbsp;d\u00eda Internacional de la Eliminaci\u00f3n de la Violencia contra la mujer* &#8211; \u00a125N, la compa\u00f1\u00eda Ra\u00edces las invita a participar de una intervenci\u00f3n colectiva y performance.&nbsp;La compa\u00f1\u00eda est\u00e1 compuesta por una guerrilla que sale a la calle a denunciar las injusticias. \u00c9sta se viste de rosa haciendo referencia al uniforme de [&hellip;]<\/p>\n","protected":false},"author":1,"featured_media":89053,"comment_status":"closed","ping_status":"closed","sticky":false,"template":"","format":"standard","meta":{"_et_pb_use_builder":"off","_et_pb_old_content":"","_et_gb_content_width":"","footnotes":""},"categories":[504],"tags":[],"class_list":["post-89052","post","type-post","status-publish","format-standard","has-post-thumbnail","hentry","category-noticias"],"_links":{"self":[{"href":"https:\/\/www.aquitheaterberlin.de\/de\/wp-json\/wp\/v2\/posts\/89052","targetHints":{"allow":["GET"]}}],"collection":[{"href":"https:\/\/www.aquitheaterberlin.de\/de\/wp-json\/wp\/v2\/posts"}],"about":[{"href":"https:\/\/www.aquitheaterberlin.de\/de\/wp-json\/wp\/v2\/types\/post"}],"author":[{"embeddable":true,"href":"https:\/\/www.aquitheaterberlin.de\/de\/wp-json\/wp\/v2\/users\/1"}],"replies":[{"embeddable":true,"href":"https:\/\/www.aquitheaterberlin.de\/de\/wp-json\/wp\/v2\/comments?post=89052"}],"version-history":[{"count":1,"href":"https:\/\/www.aquitheaterberlin.de\/de\/wp-json\/wp\/v2\/posts\/89052\/revisions"}],"predecessor-version":[{"id":89054,"href":"https:\/\/www.aquitheaterberlin.de\/de\/wp-json\/wp\/v2\/posts\/89052\/revisions\/89054"}],"wp:featuredmedia":[{"embeddable":true,"href":"https:\/\/www.aquitheaterberlin.de\/de\/wp-json\/wp\/v2\/media\/89053"}],"wp:attachment":[{"href":"https:\/\/www.aquitheaterberlin.de\/de\/wp-json\/wp\/v2\/media?parent=89052"}],"wp:term":[{"taxonomy":"category","embeddable":true,"href":"https:\/\/www.aquitheaterberlin.de\/de\/wp-json\/wp\/v2\/categories?post=89052"},{"taxonomy":"post_tag","embeddable":true,"href":"https:\/\/www.aquitheaterberlin.de\/de\/wp-json\/wp\/v2\/tags?post=89052"}],"curies":[{"name":"wp","href":"https:\/\/api.w.org\/{rel}","templated":true}]}}