{"id":89057,"date":"2025-02-18T10:23:54","date_gmt":"2025-02-18T09:23:54","guid":{"rendered":"https:\/\/www.aquitheaterberlin.de\/?p=89057"},"modified":"2025-02-18T10:27:16","modified_gmt":"2025-02-18T09:27:16","slug":"abrimos-cupos-para-el-laboratorio-inicial-de-cracion-escenica-sinergias","status":"publish","type":"post","link":"https:\/\/www.aquitheaterberlin.de\/de\/abrimos-cupos-para-el-laboratorio-inicial-de-cracion-escenica-sinergias\/","title":{"rendered":"WIR ER\u00d6FFNEN PL\u00c4TZE F\u00dcR DAS SZENISCHE LABOR SYNERGIEN, ANFANGSNIVEAU"},"content":{"rendered":"<p>Wir leben in einer Welt, die darauf besteht, uns durch Kriege, Gewalt und immer starrere Grenzen zu spalten. Wir glauben jedoch, dass es einen anderen Weg gibt, darauf zu reagieren: mit Liebe, mit einem bewussten Akt des Widerstands und der Transformation, der nach sozialer Gerechtigkeit und Solidarit\u00e4t strebt. Diese Liebe bedeutet, sich um das Kollektiv zu k\u00fcmmern, das Ausschlie\u00dfende in Frage zu stellen und sich gegenseitig in Verbindung zu halten.<br><br>Anhand unserer K\u00f6rper und Biografien werden wir Fragen wie die folgenden untersuchen:\nWie l\u00e4sst sich Liebe als politischer Akt in den K\u00f6rper und auf die B\u00fchne \u00fcbertragen? Was bedeutet es, sich aus k\u00fcnstlerischer Sicht um das Kollektiv zu k\u00fcmmern? Wie k\u00f6nnen wir aus unseren individuellen Geschichten eine kollektive Erz\u00e4hlung aufbauen, die physische und symbolische Grenzen herausfordert?<br>\u00bfC\u00f3mo se traduce el amor como acto pol\u00edtico en el cuerpo y en la escena? \u00bfQu\u00e9 significa cuidar lo colectivo desde una perspectiva art\u00edstica? \u00bfC\u00f3mo podemos, desde nuestras historias individuales, construir una narrativa colectiva que desaf\u00ede fronteras f\u00edsicas y simb\u00f3licas?<br><br>Wichtig zu wissen:<br><br>\ud83d\udc0bDieses Seminar wird auf Spanisch angeleitet.<br>\ud83c\udf1e Gerichtet an FLINTA* mit einer Migrationserfahrung, die ihre ersten Schritte in der darstellenden Kunst machen.<br>\ud83c\udf37Das Labor findet von M\u00e4rz bis Juli dienstags von 19.00 bis 21.00 Uhr im KREATIVHAUS statt.<br>\ud83d\udc0eEs endet mit einer Abschlusspr\u00e4sentation offen f\u00fcr das Publikum<br>\ud83c\udf1f Der Prozess wird von der Schauspielerin und P\u00e4dagogin Ale Alday geleitet und umfasst die folgenden Module:<br><br>- Territorium und kollektiver K\u00f6rper mit Ale Alday.<br>- Poesie als Grenzg\u00e4ngerin mit Alicia Mor\u00e1n<br>- Liebe und hybride Identit\u00e4ten mit Lorena Valdenegro<br>- Freie und sensible Erkundung des K\u00f6rpers in Bewegung mit Catalina Tello&nbsp;<br><br>Weitere Informationen zum Zeitplan, detaillierte Module:&nbsp;<a href=\"https:\/\/drive.google.com\/file\/d\/13bTfqcYhdMjZx18e-mX4YRWujzm6S4em\/view\" target=\"_blank\" rel=\"noreferrer noopener\">LINK<\/a><\/p>\n\n\n\n<p>Anmeldungen unter:&nbsp;<a href=\"https:\/\/docs.google.com\/forms\/d\/e\/1FAIpQLSciQbpjZBbdotCTdgDrg4vtF5yUaDHnZtrmNXwd1o--W-0mfg\/viewform\" target=\"_blank\" rel=\"noreferrer noopener\">LINK<\/a><\/p>","protected":false},"excerpt":{"rendered":"<p>Vivimos en un mundo que insiste en dividirnos con guerras, violencia y fronteras cada vez m\u00e1s r\u00edgidas. Pero creemos que hay otra forma de responder: con amor, con un acto consciente de resistencia y transformaci\u00f3n que busca justicia social y solidaridad. Este amor significa cuidar lo colectivo, desafiar lo que excluye y sostenernos unas a [&hellip;]<\/p>\n","protected":false},"author":1,"featured_media":89060,"comment_status":"closed","ping_status":"closed","sticky":false,"template":"","format":"standard","meta":{"_et_pb_use_builder":"off","_et_pb_old_content":"","_et_gb_content_width":"","footnotes":""},"categories":[504],"tags":[],"class_list":["post-89057","post","type-post","status-publish","format-standard","has-post-thumbnail","hentry","category-noticias"],"_links":{"self":[{"href":"https:\/\/www.aquitheaterberlin.de\/de\/wp-json\/wp\/v2\/posts\/89057","targetHints":{"allow":["GET"]}}],"collection":[{"href":"https:\/\/www.aquitheaterberlin.de\/de\/wp-json\/wp\/v2\/posts"}],"about":[{"href":"https:\/\/www.aquitheaterberlin.de\/de\/wp-json\/wp\/v2\/types\/post"}],"author":[{"embeddable":true,"href":"https:\/\/www.aquitheaterberlin.de\/de\/wp-json\/wp\/v2\/users\/1"}],"replies":[{"embeddable":true,"href":"https:\/\/www.aquitheaterberlin.de\/de\/wp-json\/wp\/v2\/comments?post=89057"}],"version-history":[{"count":1,"href":"https:\/\/www.aquitheaterberlin.de\/de\/wp-json\/wp\/v2\/posts\/89057\/revisions"}],"predecessor-version":[{"id":89059,"href":"https:\/\/www.aquitheaterberlin.de\/de\/wp-json\/wp\/v2\/posts\/89057\/revisions\/89059"}],"wp:featuredmedia":[{"embeddable":true,"href":"https:\/\/www.aquitheaterberlin.de\/de\/wp-json\/wp\/v2\/media\/89060"}],"wp:attachment":[{"href":"https:\/\/www.aquitheaterberlin.de\/de\/wp-json\/wp\/v2\/media?parent=89057"}],"wp:term":[{"taxonomy":"category","embeddable":true,"href":"https:\/\/www.aquitheaterberlin.de\/de\/wp-json\/wp\/v2\/categories?post=89057"},{"taxonomy":"post_tag","embeddable":true,"href":"https:\/\/www.aquitheaterberlin.de\/de\/wp-json\/wp\/v2\/tags?post=89057"}],"curies":[{"name":"wp","href":"https:\/\/api.w.org\/{rel}","templated":true}]}}